{"id":1076,"date":"2023-04-24T15:45:25","date_gmt":"2023-04-24T12:45:25","guid":{"rendered":"https:\/\/tul.fi\/jarvisuomi\/?p=1076"},"modified":"2023-04-24T15:45:26","modified_gmt":"2023-04-24T12:45:26","slug":"tul-jarvi-suomi-palkitsi-toimijoita-ja-urheilijoita-vuosikokouksessaan-22-4-2023","status":"publish","type":"post","link":"https:\/\/tul.fi\/jarvisuomi\/tul-jarvi-suomi-palkitsi-toimijoita-ja-urheilijoita-vuosikokouksessaan-22-4-2023\/","title":{"rendered":"TUL J\u00e4rvi-Suomi palkitsi toimijoita ja urheilijoita vuosikokouksessaan 22.4.2023"},"content":{"rendered":"\n<p>TUL J\u00e4rvi-Suomen s\u00e4\u00e4nt\u00f6m\u00e4\u00e4r\u00e4inen vuosikokous pidettiin lauantaina 22.4.2023 Joensuussa. Kokouksessa k\u00e4siteltiin s\u00e4\u00e4nt\u00f6jen m\u00e4\u00e4r\u00e4\u00e4m\u00e4t asiat, valittiin piirin hallitukseen j\u00e4senet erovuoroisten tilalle ja palkittiin vuoden 2022 toimijoita ja urheilijoita. <strong><em><\/em><\/strong><\/p>\n\n\n\n<p>Nuorena urheilijana palkittiin <strong>\u00c4\u00e4nekosken Huimaa<\/strong> edustava painonnostaja <strong>Iita Kononen<\/strong>. Perusteena Konosen palkitsemiselle oli erinomainen menestyminen nuorten SM-tasolla, muun muassa oman ik\u00e4luokan SM-kulta ja nuorten Suomen enn\u00e4tyksi\u00e4 kuusi kappaletta sek\u00e4 hyv\u00e4 sijoitus nuorten EM-kilpailussa. Vuoden aikuisurheilija palkittiin Perusta kotoisin oleva <strong>Lepp\u00e4virran Urheilijoiden<\/strong> maastohiiht\u00e4j\u00e4 <strong>Jaime Huerta<\/strong>. Huerta on loistava esimerkki siit\u00e4, miten viel\u00e4 aikuisenakin voi oppia uuden lajin, aloittaa kilpaurheilun ja saada yhdistetty\u00e4 tavoitteellisen urheilun ja ty\u00f6el\u00e4m\u00e4n. <strong><em><\/em><\/strong><\/p>\n\n\n\n<p>Vuoden seuratoimihenkil\u00f6n\u00e4 palkittiin <strong>S\u00e4yn\u00e4tsalon Riennon <\/strong>puheenjohtaja<strong> Vesa Kupari<\/strong>. Palkinto on huomionosoitus puheenjohtajalle ja isolle 100-vuotiaalle yleisseuralle siit\u00e4 vapaaehtoisty\u00f6st\u00e4, mit\u00e4 seurassa on tehty, ett\u00e4 seurassa on pystytty pit\u00e4m\u00e4\u00e4n harrastamisen hinnat maltillisena ja toiminta laadukkaana. Seuraohjaajan palkinto meni t\u00e4ll\u00e4 kertaa <strong>Jyv\u00e4skyl\u00e4n Tanssi- ja Naisvoimisteluseuran ohjaajalle Anniina Tallille<\/strong>. Anniinan ohjaamilla tunneilla liikutaan monipuolisesti ja reippaasti, sek\u00e4 liikunnan ilo ja onnistumisen kokemukset ovat tunneilla p\u00e4\u00e4osassa. <strong><em><\/em><\/strong><\/p>\n\n\n\n<p>Vuoden seuroja J\u00e4rvi-Suomessa on yli 100 j\u00e4senseuran verran. T\u00e4ll\u00e4 kertaa vuoden seura -palkinto jaettiin <strong>Polvij\u00e4rven Vauhdille<\/strong>. Kyseinen seura j\u00e4rjest\u00e4\u00e4 aktiivisesti erilaista toimintaa kaiken ik\u00e4isille ja kuntoisille niin kuntoliikunnan, retkien, kerhojen, leiritysten kuin kilpailuidenkin merkeiss\u00e4. Seura toimii vahvasti TUL:n arvojen mukaisesti ja toteuttaa mm. TUL:n Liikkeelle -kokonaisuuteen liittyvi\u00e4 harrasteliikuntatapahtumia.  El\u00e4m\u00e4nurapalkinto on huomionosoitus vuosikymmeni\u00e4 jatkuneesta pyyteett\u00f6m\u00e4st\u00e4 seuraty\u00f6st\u00e4, ja t\u00e4ll\u00e4 kertaa se luovutettiin <strong>Joen Suunnan Matti Kanaselle<\/strong>. Kananen on toiminut suunnistuksen parissa yli 55 vuotta, ollut osana seuran hallintoa vuosikymmeni\u00e4, ja pysynyt lajin kehityksess\u00e4 mukana.<\/p>\n\n\n\n<p><strong><em>L\u00e4mpim\u00e4t onnittelut palkituille, ja kiitos kokoukseen osallistuneille!<\/em><\/strong><\/p>\n\n\n\n<p><\/p>\n","protected":false},"excerpt":{"rendered":"<p>TUL J\u00e4rvi-Suomen s\u00e4\u00e4nt\u00f6m\u00e4\u00e4r\u00e4inen vuosikokous pidettiin lauantaina 22.4.2023 Joensuussa. Kokouksessa k\u00e4siteltiin s\u00e4\u00e4nt\u00f6jen m\u00e4\u00e4r\u00e4\u00e4m\u00e4t asiat, valittiin piirin hallitukseen j\u00e4senet erovuoroisten tilalle ja palkittiin vuoden 2022 toimijoita ja urheilijoita. Nuorena urheilijana palkittiin \u00c4\u00e4nekosken Huimaa edustava painonnostaja Iita Kononen. Perusteena Konosen palkitsemiselle oli erinomainen menestyminen nuorten SM-tasolla, muun muassa oman ik\u00e4luokan SM-kulta ja nuorten Suomen enn\u00e4tyksi\u00e4 kuusi kappaletta sek\u00e4 [&hellip;]<\/p>\n","protected":false},"author":13,"featured_media":1077,"comment_status":"open","ping_status":"open","sticky":false,"template":"","format":"standard","meta":{"_acf_changed":false,"footnotes":""},"categories":[27],"tags":[],"class_list":["post-1076","post","type-post","status-publish","format-standard","has-post-thumbnail","hentry","category-jarvi-suomi"],"acf":[],"aioseo_notices":[],"_links":{"self":[{"href":"https:\/\/tul.fi\/jarvisuomi\/wp-json\/wp\/v2\/posts\/1076","targetHints":{"allow":["GET"]}}],"collection":[{"href":"https:\/\/tul.fi\/jarvisuomi\/wp-json\/wp\/v2\/posts"}],"about":[{"href":"https:\/\/tul.fi\/jarvisuomi\/wp-json\/wp\/v2\/types\/post"}],"author":[{"embeddable":true,"href":"https:\/\/tul.fi\/jarvisuomi\/wp-json\/wp\/v2\/users\/13"}],"replies":[{"embeddable":true,"href":"https:\/\/tul.fi\/jarvisuomi\/wp-json\/wp\/v2\/comments?post=1076"}],"version-history":[{"count":1,"href":"https:\/\/tul.fi\/jarvisuomi\/wp-json\/wp\/v2\/posts\/1076\/revisions"}],"predecessor-version":[{"id":1078,"href":"https:\/\/tul.fi\/jarvisuomi\/wp-json\/wp\/v2\/posts\/1076\/revisions\/1078"}],"wp:featuredmedia":[{"embeddable":true,"href":"https:\/\/tul.fi\/jarvisuomi\/wp-json\/wp\/v2\/media\/1077"}],"wp:attachment":[{"href":"https:\/\/tul.fi\/jarvisuomi\/wp-json\/wp\/v2\/media?parent=1076"}],"wp:term":[{"taxonomy":"category","embeddable":true,"href":"https:\/\/tul.fi\/jarvisuomi\/wp-json\/wp\/v2\/categories?post=1076"},{"taxonomy":"post_tag","embeddable":true,"href":"https:\/\/tul.fi\/jarvisuomi\/wp-json\/wp\/v2\/tags?post=1076"}],"curies":[{"name":"wp","href":"https:\/\/api.w.org\/{rel}","templated":true}]}}