{"id":719,"date":"2022-04-22T09:13:30","date_gmt":"2022-04-22T06:13:30","guid":{"rendered":"https:\/\/tul.fi\/jarvisuomi\/?p=719"},"modified":"2022-04-22T09:13:31","modified_gmt":"2022-04-22T06:13:31","slug":"tuln-savon-piirikokous-pidettiin-19-4-2022","status":"publish","type":"post","link":"https:\/\/tul.fi\/jarvisuomi\/tuln-savon-piirikokous-pidettiin-19-4-2022\/","title":{"rendered":"TUL:n Savon piirikokous pidettiin 19.4.2022"},"content":{"rendered":"\n<p>TUL:n Savon piiri ry piti tiistaina 19.4.2022 viimeisen s\u00e4\u00e4nt\u00f6m\u00e4\u00e4r\u00e4isen piirikokouksen.<\/p>\n\n\n\n<p>Kokouksen alkuun palkittiin vuoden 2021 urheilijoita ja toimijoita. Vuoden urheilijana palkittiin menestyksekk\u00e4\u00e4st\u00e4 vuodesta nuori yleisurheilija <strong>Inga Ikonen<\/strong> Kuvansin Kuohusta. &nbsp;<\/p>\n\n\n\n<p>Vuoden seurana palkittiin <strong>Varkauden Tarmo<\/strong> ansiokkaasta seuratoiminnasta muun muassa salibandyn ja taitoluistelun parissa. Seuratoimihenkil\u00f6n\u00e4 palkittiin vuosikymmeni\u00e4 kilpailuja, tapahtumia ja liikuntatoimintaa j\u00e4rjest\u00e4nyt <strong>Jorma Rajakannas<\/strong> Lepp\u00e4virran Urheilijoista.<\/p>\n\n\n\n<p>El\u00e4m\u00e4nurapalkinnolla muistettiin <strong>Maija-Liisa Rytk\u00f6st\u00e4<\/strong> Kuvansin Kuohusta ja TUL:n Savon kultaiset ansiomerkit luovitettiin <strong>P\u00e4ivi Huttuselle<\/strong> (Sorsakosken Ter\u00e4s) ja <strong>Kari Tossavaiselle<\/strong> (Sorsakosken Ter\u00e4s).<\/p>\n\n\n\n<p>Kokouksessa valittiin liittokokousedustajat TUL:n liittokokoukseen 18.6.2022 Helsinkiin ja k\u00e4ytiin l\u00e4pi muut s\u00e4\u00e4nt\u00f6m\u00e4\u00e4riset asiat sek\u00e4 piirin lakkauttaminen. <strong>Kokouksen p\u00e4\u00e4t\u00f6ksen mukaisesti piiri lakkautuu ja toiminnat sulautuvat TUL J\u00e4rvi-Suomeen.<\/strong><\/p>\n\n\n\n<p>TUL J\u00e4rvi-Suomi ryon jo useita vuosia yhdist\u00e4nyt TUL:n Karjalan, Keski-Suomen ja Savon piirien toimintoja. Toimialueena on Etel\u00e4-Savon, Keski-Suomen, Pohjois-Karjalan ja Pohjois-Savon maakunnat.<\/p>\n\n\n\n<p>Piirin lakkautumisen my\u00f6t\u00e4 piiritoiminnot sulautetaan vuoden 2022 aikana J\u00e4rvi-Suomen toimintoihin siten, ett\u00e4 j\u00e4senseuroja pystyt\u00e4\u00e4n palvelemaan entist\u00e4 tehokkaammin hallinnon v\u00e4henemisen my\u00f6t\u00e4. <strong>Piirin lakkautuminen ei tarkoita toimintojen lakkautumista<\/strong>, vaan seurojen j\u00e4senpalvelut pysyv\u00e4t ennallaan ja seurat ovat j\u00e4senen\u00e4 TUL J\u00e4rvi-Suomeen ja sen kautta Suomen Ty\u00f6v\u00e4en Urheiluliitto TUL ry:n edelleenkin.&nbsp;<\/p>\n\n\n\n<p><strong>Kiitos kaikille TUL:n Savon piirin 72 toimintavuodesta!<\/strong><\/p>\n\n\n\n<p>Lis\u00e4tietoja TUL:n Savon piirin hallitukselta.<\/p>\n","protected":false},"excerpt":{"rendered":"<p>TUL:n Savon piiri ry piti tiistaina 19.4.2022 viimeisen s\u00e4\u00e4nt\u00f6m\u00e4\u00e4r\u00e4isen piirikokouksen. Kokouksen alkuun palkittiin vuoden 2021 urheilijoita ja toimijoita. Vuoden urheilijana palkittiin menestyksekk\u00e4\u00e4st\u00e4 vuodesta nuori yleisurheilija Inga Ikonen Kuvansin Kuohusta. &nbsp; Vuoden seurana palkittiin Varkauden Tarmo ansiokkaasta seuratoiminnasta muun muassa salibandyn ja taitoluistelun parissa. Seuratoimihenkil\u00f6n\u00e4 palkittiin vuosikymmeni\u00e4 kilpailuja, tapahtumia ja liikuntatoimintaa j\u00e4rjest\u00e4nyt Jorma Rajakannas Lepp\u00e4virran Urheilijoista. [&hellip;]<\/p>\n","protected":false},"author":13,"featured_media":720,"comment_status":"open","ping_status":"open","sticky":false,"template":"","format":"standard","meta":{"_acf_changed":false,"footnotes":""},"categories":[27],"tags":[],"class_list":["post-719","post","type-post","status-publish","format-standard","has-post-thumbnail","hentry","category-jarvi-suomi"],"acf":[],"aioseo_notices":[],"_links":{"self":[{"href":"https:\/\/tul.fi\/jarvisuomi\/wp-json\/wp\/v2\/posts\/719","targetHints":{"allow":["GET"]}}],"collection":[{"href":"https:\/\/tul.fi\/jarvisuomi\/wp-json\/wp\/v2\/posts"}],"about":[{"href":"https:\/\/tul.fi\/jarvisuomi\/wp-json\/wp\/v2\/types\/post"}],"author":[{"embeddable":true,"href":"https:\/\/tul.fi\/jarvisuomi\/wp-json\/wp\/v2\/users\/13"}],"replies":[{"embeddable":true,"href":"https:\/\/tul.fi\/jarvisuomi\/wp-json\/wp\/v2\/comments?post=719"}],"version-history":[{"count":1,"href":"https:\/\/tul.fi\/jarvisuomi\/wp-json\/wp\/v2\/posts\/719\/revisions"}],"predecessor-version":[{"id":721,"href":"https:\/\/tul.fi\/jarvisuomi\/wp-json\/wp\/v2\/posts\/719\/revisions\/721"}],"wp:featuredmedia":[{"embeddable":true,"href":"https:\/\/tul.fi\/jarvisuomi\/wp-json\/wp\/v2\/media\/720"}],"wp:attachment":[{"href":"https:\/\/tul.fi\/jarvisuomi\/wp-json\/wp\/v2\/media?parent=719"}],"wp:term":[{"taxonomy":"category","embeddable":true,"href":"https:\/\/tul.fi\/jarvisuomi\/wp-json\/wp\/v2\/categories?post=719"},{"taxonomy":"post_tag","embeddable":true,"href":"https:\/\/tul.fi\/jarvisuomi\/wp-json\/wp\/v2\/tags?post=719"}],"curies":[{"name":"wp","href":"https:\/\/api.w.org\/{rel}","templated":true}]}}