{"id":1052,"date":"2024-01-24T11:13:56","date_gmt":"2024-01-24T09:13:56","guid":{"rendered":"https:\/\/tul.fi\/kymenlaakso-saimaa\/?p=1052"},"modified":"2024-01-24T11:13:57","modified_gmt":"2024-01-24T09:13:57","slug":"tul-kaakkois-suomen-piirin-105-vuotisjuhla-lappeenrannassa-su-4-2","status":"publish","type":"post","link":"https:\/\/tul.fi\/kymenlaakso-saimaa\/tul-kaakkois-suomen-piirin-105-vuotisjuhla-lappeenrannassa-su-4-2\/","title":{"rendered":"TUL Kaakkois-Suomen piirin 105 vuotisjuhla Lappeenrannassa su 4.2."},"content":{"rendered":"\n<p>Juhlapaikkana Tiril\u00e4n ty\u00f6v\u00e4entalo (Onninkatu 6, Lappeenranta)<\/p>\n\n\n\n<p>Juhla alkaa kello 13.00 juhlakahveilla. Ohjelmassa mm. tanssiesityksi\u00e4, juhlapuheet, 2023 urheilu- ja liikuntatekojen palkitseminen sek\u00e4 ansiomerkkien jakaminen seura-aktiiveille. <\/p>\n\n\n\n<p>Tervetuloa juhlaan! <\/p>\n","protected":false},"excerpt":{"rendered":"<p>Juhlapaikkana Tiril\u00e4n ty\u00f6v\u00e4entalo (Onninkatu 6, Lappeenranta) Juhla alkaa kello 13.00 juhlakahveilla. Ohjelmassa mm. tanssiesityksi\u00e4, juhlapuheet, 2023 urheilu- ja liikuntatekojen palkitseminen sek\u00e4 ansiomerkkien jakaminen seura-aktiiveille. Tervetuloa juhlaan!<\/p>\n","protected":false},"author":12,"featured_media":1042,"comment_status":"open","ping_status":"open","sticky":false,"template":"","format":"standard","meta":{"_acf_changed":false,"footnotes":""},"categories":[1],"tags":[],"class_list":["post-1052","post","type-post","status-publish","format-standard","has-post-thumbnail","hentry","category-yleinen"],"acf":[],"aioseo_notices":[],"_links":{"self":[{"href":"https:\/\/tul.fi\/kymenlaakso-saimaa\/wp-json\/wp\/v2\/posts\/1052","targetHints":{"allow":["GET"]}}],"collection":[{"href":"https:\/\/tul.fi\/kymenlaakso-saimaa\/wp-json\/wp\/v2\/posts"}],"about":[{"href":"https:\/\/tul.fi\/kymenlaakso-saimaa\/wp-json\/wp\/v2\/types\/post"}],"author":[{"embeddable":true,"href":"https:\/\/tul.fi\/kymenlaakso-saimaa\/wp-json\/wp\/v2\/users\/12"}],"replies":[{"embeddable":true,"href":"https:\/\/tul.fi\/kymenlaakso-saimaa\/wp-json\/wp\/v2\/comments?post=1052"}],"version-history":[{"count":1,"href":"https:\/\/tul.fi\/kymenlaakso-saimaa\/wp-json\/wp\/v2\/posts\/1052\/revisions"}],"predecessor-version":[{"id":1054,"href":"https:\/\/tul.fi\/kymenlaakso-saimaa\/wp-json\/wp\/v2\/posts\/1052\/revisions\/1054"}],"wp:featuredmedia":[{"embeddable":true,"href":"https:\/\/tul.fi\/kymenlaakso-saimaa\/wp-json\/wp\/v2\/media\/1042"}],"wp:attachment":[{"href":"https:\/\/tul.fi\/kymenlaakso-saimaa\/wp-json\/wp\/v2\/media?parent=1052"}],"wp:term":[{"taxonomy":"category","embeddable":true,"href":"https:\/\/tul.fi\/kymenlaakso-saimaa\/wp-json\/wp\/v2\/categories?post=1052"},{"taxonomy":"post_tag","embeddable":true,"href":"https:\/\/tul.fi\/kymenlaakso-saimaa\/wp-json\/wp\/v2\/tags?post=1052"}],"curies":[{"name":"wp","href":"https:\/\/api.w.org\/{rel}","templated":true}]}}