{"id":837,"date":"2023-02-09T15:28:22","date_gmt":"2023-02-09T13:28:22","guid":{"rendered":"https:\/\/tul.fi\/kymenlaakso-saimaa\/?p=837"},"modified":"2023-11-23T13:12:54","modified_gmt":"2023-11-23T11:12:54","slug":"piirin-tul-paiva-juhla","status":"publish","type":"post","link":"https:\/\/tul.fi\/kymenlaakso-saimaa\/piirin-tul-paiva-juhla\/","title":{"rendered":"Piirin TUL P\u00e4iv\u00e4 juhla"},"content":{"rendered":"\n<p><\/p>\n\n\n\n<p><strong>TUL:n P\u00e4iv\u00e4n Juhla<\/strong><\/p>\n\n\n\n<p><strong>sunnuntaina 12.2.2023<\/strong><\/p>\n\n\n\n<p><strong>Voikkaan ty\u00f6v\u00e4entalo Juhlasali<\/strong><\/p>\n\n\n\n<p><strong>(Voikkaantie 2, 45910 Voikkaa)<\/strong><\/p>\n\n\n\n<p><strong>Juhlakahvit alkaen klo 13.00<\/strong><\/p>\n\n\n\n<p><strong>Ohjelma:<\/strong><\/p>\n\n\n\n<p><strong>Avaus \u00a0\u00a0 P\u00e4ivi Saarinen<\/strong><\/p>\n\n\n\n<p><strong>Liikuntaesitys<\/strong><\/p>\n\n\n\n<p><strong>TUL Seurapalvelut Ilpo Laurila<\/strong><\/p>\n\n\n\n<p><strong>Ansiomerkkien jako<\/strong><\/p>\n\n\n\n<p><strong>Liikunnan ja seurojen rooli Hyvinvointialueella<\/strong>   <strong>Inka H\u00e4kkinen<\/strong><\/p>\n\n\n\n<p><strong>Liikuntaesitys<\/strong><\/p>\n\n\n\n<p><strong>\u00a0V. 2022 Urheilijoiden palkitseminen<\/strong><\/p>\n\n\n\n<p>\u00a0\u00a0\u00a0\u00a0\u00a0\u00a0\u00a0\u00a0\u00a0\u00a0\u00a0\u00a0\u00a0\u00a0\u00a0\u00a0\u00a0\u00a0\u00a0\u00a0<strong>TERVETULOA<\/strong><\/p>\n","protected":false},"excerpt":{"rendered":"<p>TUL:n P\u00e4iv\u00e4n Juhla sunnuntaina 12.2.2023 Voikkaan ty\u00f6v\u00e4entalo Juhlasali (Voikkaantie 2, 45910 Voikkaa) Juhlakahvit alkaen klo 13.00 Ohjelma: Avaus \u00a0\u00a0 P\u00e4ivi Saarinen Liikuntaesitys TUL Seurapalvelut Ilpo Laurila Ansiomerkkien jako Liikunnan ja seurojen rooli Hyvinvointialueella Inka H\u00e4kkinen Liikuntaesitys \u00a0V. 2022 Urheilijoiden palkitseminen \u00a0\u00a0\u00a0\u00a0\u00a0\u00a0\u00a0\u00a0\u00a0\u00a0\u00a0\u00a0\u00a0\u00a0\u00a0\u00a0\u00a0\u00a0\u00a0\u00a0TERVETULOA<\/p>\n","protected":false},"author":12,"featured_media":991,"comment_status":"open","ping_status":"open","sticky":false,"template":"","format":"standard","meta":{"_acf_changed":false,"footnotes":""},"categories":[1],"tags":[],"class_list":["post-837","post","type-post","status-publish","format-standard","has-post-thumbnail","hentry","category-yleinen"],"acf":[],"aioseo_notices":[],"_links":{"self":[{"href":"https:\/\/tul.fi\/kymenlaakso-saimaa\/wp-json\/wp\/v2\/posts\/837","targetHints":{"allow":["GET"]}}],"collection":[{"href":"https:\/\/tul.fi\/kymenlaakso-saimaa\/wp-json\/wp\/v2\/posts"}],"about":[{"href":"https:\/\/tul.fi\/kymenlaakso-saimaa\/wp-json\/wp\/v2\/types\/post"}],"author":[{"embeddable":true,"href":"https:\/\/tul.fi\/kymenlaakso-saimaa\/wp-json\/wp\/v2\/users\/12"}],"replies":[{"embeddable":true,"href":"https:\/\/tul.fi\/kymenlaakso-saimaa\/wp-json\/wp\/v2\/comments?post=837"}],"version-history":[{"count":4,"href":"https:\/\/tul.fi\/kymenlaakso-saimaa\/wp-json\/wp\/v2\/posts\/837\/revisions"}],"predecessor-version":[{"id":844,"href":"https:\/\/tul.fi\/kymenlaakso-saimaa\/wp-json\/wp\/v2\/posts\/837\/revisions\/844"}],"wp:featuredmedia":[{"embeddable":true,"href":"https:\/\/tul.fi\/kymenlaakso-saimaa\/wp-json\/wp\/v2\/media\/991"}],"wp:attachment":[{"href":"https:\/\/tul.fi\/kymenlaakso-saimaa\/wp-json\/wp\/v2\/media?parent=837"}],"wp:term":[{"taxonomy":"category","embeddable":true,"href":"https:\/\/tul.fi\/kymenlaakso-saimaa\/wp-json\/wp\/v2\/categories?post=837"},{"taxonomy":"post_tag","embeddable":true,"href":"https:\/\/tul.fi\/kymenlaakso-saimaa\/wp-json\/wp\/v2\/tags?post=837"}],"curies":[{"name":"wp","href":"https:\/\/api.w.org\/{rel}","templated":true}]}}