{"id":849,"date":"2023-02-21T14:43:06","date_gmt":"2023-02-21T12:43:06","guid":{"rendered":"https:\/\/tul.fi\/kymenlaakso-saimaa\/?p=849"},"modified":"2023-02-21T14:43:07","modified_gmt":"2023-02-21T12:43:07","slug":"piirin-tul-paivan-juhla-voikkaalla","status":"publish","type":"post","link":"https:\/\/tul.fi\/kymenlaakso-saimaa\/piirin-tul-paivan-juhla-voikkaalla\/","title":{"rendered":"Piirin TUL P\u00e4iv\u00e4n juhla Voikkaalla"},"content":{"rendered":"\n<p>Sunnuntaina 12.2. Voikkaan ty\u00f6v\u00e4entalolla kuultiin Inka H\u00e4kkisen info seurat ja liikunta hyvinvointialueella, TUL Seurapalveluinfo Ilpo Laurilan kertomana. Jaettiin TUL ansiomerkit ansioituneille ja palkittiin 2022 vuoden urheilijat. <\/p>\n\n\n\n<p><strong>TUL Kultainen seuraty\u00f6n ansiomerkit: <\/strong><\/p>\n\n\n\n<p>numero 2880 Kalervo Nuutinen, Kuusankosken Kisa<\/p>\n\n\n\n<p>numero 2881 Harri Ihalainen, Kuusankosken Kisa<\/p>\n\n\n\n<p><a><\/a>numero 2902 Jaana Str\u00f6m-Hietanen, Voikkaan Viesti<\/p>\n\n\n\n<p>numero 2903 Mervi Ahti, Popinniemen Isku<\/p>\n\n\n\n<p>numero 2904 Pirjo P\u00f6nni, Popinniemen Isku<\/p>\n\n\n\n<p>numero 2905 Ismo Korhonen, Popinniemen Isku<\/p>\n\n\n\n<p>Numero 2906 Lindqvist Pirkko, Popinniemen Isku<\/p>\n\n\n\n<p><strong>2022 urheilijat ja liikuntateot: <\/strong><\/p>\n\n\n\n<p>Miesurheilija:<\/p>\n\n\n\n<p>Joonas Hasu, Kuusankosken Kisa , Painonnosto<\/p>\n\n\n\n<p>Naisurheilija:<\/p>\n\n\n\n<p><a><\/a>Janette Hanski, Karhulan Urheilijat<\/p>\n\n\n\n<p>Poikaurheilija:<\/p>\n\n\n\n<p>Rahim Tobojev, LrTU , Paini<\/p>\n\n\n\n<p>Tytt\u00f6urheilija:<\/p>\n\n\n\n<p>Alisa Miettinen, Karhulan Urheilijat<\/p>\n\n\n\n<p>Valmentaja:<\/p>\n\n\n\n<p>Jari-Pekka Gummerus, FC KTP naiset Jalkapallo<\/p>\n\n\n\n<p>Joukkue:<\/p>\n\n\n\n<p>FC KTP jalkapallojoukkue Miehet<\/p>\n\n\n\n<p>Vuoden Urheilu- ja liikuntateko:<\/p>\n\n\n\n<p>Ilpo Lautala, Popinniemen Isku, Judo<\/p>\n","protected":false},"excerpt":{"rendered":"<p>Sunnuntaina 12.2. Voikkaan ty\u00f6v\u00e4entalolla kuultiin Inka H\u00e4kkisen info seurat ja liikunta hyvinvointialueella, TUL Seurapalveluinfo Ilpo Laurilan kertomana. Jaettiin TUL ansiomerkit ansioituneille ja palkittiin 2022 vuoden urheilijat. TUL Kultainen seuraty\u00f6n ansiomerkit: numero 2880 Kalervo Nuutinen, Kuusankosken Kisa numero 2881 Harri Ihalainen, Kuusankosken Kisa numero 2902 Jaana Str\u00f6m-Hietanen, Voikkaan Viesti numero 2903 Mervi Ahti, Popinniemen Isku numero [&hellip;]<\/p>\n","protected":false},"author":12,"featured_media":851,"comment_status":"open","ping_status":"open","sticky":false,"template":"","format":"standard","meta":{"_acf_changed":false,"footnotes":""},"categories":[1],"tags":[],"class_list":["post-849","post","type-post","status-publish","format-standard","has-post-thumbnail","hentry","category-yleinen"],"acf":[],"aioseo_notices":[],"_links":{"self":[{"href":"https:\/\/tul.fi\/kymenlaakso-saimaa\/wp-json\/wp\/v2\/posts\/849","targetHints":{"allow":["GET"]}}],"collection":[{"href":"https:\/\/tul.fi\/kymenlaakso-saimaa\/wp-json\/wp\/v2\/posts"}],"about":[{"href":"https:\/\/tul.fi\/kymenlaakso-saimaa\/wp-json\/wp\/v2\/types\/post"}],"author":[{"embeddable":true,"href":"https:\/\/tul.fi\/kymenlaakso-saimaa\/wp-json\/wp\/v2\/users\/12"}],"replies":[{"embeddable":true,"href":"https:\/\/tul.fi\/kymenlaakso-saimaa\/wp-json\/wp\/v2\/comments?post=849"}],"version-history":[{"count":1,"href":"https:\/\/tul.fi\/kymenlaakso-saimaa\/wp-json\/wp\/v2\/posts\/849\/revisions"}],"predecessor-version":[{"id":850,"href":"https:\/\/tul.fi\/kymenlaakso-saimaa\/wp-json\/wp\/v2\/posts\/849\/revisions\/850"}],"wp:featuredmedia":[{"embeddable":true,"href":"https:\/\/tul.fi\/kymenlaakso-saimaa\/wp-json\/wp\/v2\/media\/851"}],"wp:attachment":[{"href":"https:\/\/tul.fi\/kymenlaakso-saimaa\/wp-json\/wp\/v2\/media?parent=849"}],"wp:term":[{"taxonomy":"category","embeddable":true,"href":"https:\/\/tul.fi\/kymenlaakso-saimaa\/wp-json\/wp\/v2\/categories?post=849"},{"taxonomy":"post_tag","embeddable":true,"href":"https:\/\/tul.fi\/kymenlaakso-saimaa\/wp-json\/wp\/v2\/tags?post=849"}],"curies":[{"name":"wp","href":"https:\/\/api.w.org\/{rel}","templated":true}]}}